{"provider_url": "https://www.fazendariogrande.pr.leg.br", "title": "A preven\u00e7\u00e3o \u00e9 de janeiro a janeiro", "html": "<p dir=\"ltr\">\u00a0</p>\r\n<p dir=\"ltr\">Como parte das atividades do Setembro Amarelo, a divis\u00e3o de Sa\u00fade Mental realizou a palestra <em>Sinais de Alerta do Comportamento Suicida</em>, ministrada pela m\u00e9dica especialista em psiquiatria Sarah Santen von Biveniczk\u00f6, para cerca de 30 servidores, assessores e demais funcion\u00e1rios do Poder Legislativo, no plen\u00e1rio da C\u00e2mara, no \u00faltimo dia 21.\u00a0</p>\r\n<p>Em sua fala, a m\u00e9dica enfocou que a causa do suic\u00eddio \u00e9 multifatorial. \u201cAl\u00e9m disso, podemos elencar como fatores de risco a pessoa j\u00e1 ter tentado se suicidar e/ou ter algum transtorno mental. Por outro lado, s\u00e3o fatores protetores receber amparo, estar empregado e ter suporte familiar\u201d, apontou.</p>\r\n<p>Assim, a preven\u00e7\u00e3o tamb\u00e9m pode ser praticada por pessoas que n\u00e3o s\u00e3o especialistas, nem t\u00eam treinamento em sa\u00fade mental. \u201c\u00c9 preciso compreender que o outro \u00e9 um outro que tem um ponto de vista dele, a partir do qual ele sofre. \u00c9 nesse lugar que ele precisa de acolhimento, precisa ser olhado, sem julgamento. E essa preven\u00e7\u00e3o \u00e9 de janeiro a janeiro, n\u00e3o s\u00f3 em setembro\u201d, explicou. Nesse sentido, fica ainda mais evidente a import\u00e2ncia da informa\u00e7\u00e3o contra os preconceitos que circundam o tema.</p>\r\n<p>A coordenadora da divis\u00e3o de Sa\u00fade Mental e terapeuta ocupacional, Maria Carolina Pelanda, explicou que a atividade faz parte das a\u00e7\u00f5es que est\u00e3o sendo realizadas com profissionais que tenham contato direto com pessoas. \u201cA C\u00e2mara recebe a popula\u00e7\u00e3o, ent\u00e3o \u00e9 importante que todos aqui tenham as informa\u00e7\u00f5es corretas, uma vez que o preconceito vem do desconhecimento. O foco, ent\u00e3o, acaba sendo esses funcion\u00e1rios como prestadores de servi\u00e7o para a popula\u00e7\u00e3o e tamb\u00e9m como grupo de trabalhadores em si\u201d, explicou.</p>\r\n<p>De acordo com o Departamento de Recursos Humanos (RH), realizador do evento, \u201co RH tem que ser humano. E a proposta com esse evento, que \u00e9 o primeiro de outros que pretendemos realizar, \u00e9 contribuir para desconstruir preconceitos e prestar um apoio \u00e0 sa\u00fade mental dos trabalhadores da C\u00e2mara. Aqui, tem pais e m\u00e3es de fam\u00edlia, e a gente n\u00e3o quer que aconte\u00e7a o pior com ningu\u00e9m. Acreditamos que esse \u00e9 um assunto da maior seriedade e temos que fazer o poss\u00edvel para tentar nos prevenir\u201d.</p>", "author_name": "", "version": "1.0", "author_url": "https://www.fazendariogrande.pr.leg.br/author/frg", "provider_name": "C\u00e2mara Municipal ", "type": "rich"}