{"provider_url": "https://www.fazendariogrande.pr.leg.br", "title": "Dengue na mira: reforce sua defesa", "html": "<p>Os primeiros boletins epidemiol\u00f3gicos de 2024 j\u00e1 foram divulgados pela Secretaria de Estado da Sa\u00fade (Sesa) e os n\u00fameros mostram que devemos dobrar os nossos cuidados: s\u00e3o 12.782 novos casos de dengue no Paran\u00e1.</p>\r\n<p>Em Fazenda Rio Grande, o 19\u00b0 Informe Epidemiol\u00f3gico confirma 2 novos casos, ambos aut\u00f3ctones, que \u00e9 quando o caso \u00e9 contra\u00eddo na regi\u00e3o de resid\u00eancia do enfermo.</p>\r\n<p><strong>Como o mosquito se prolifera e os sintomas\u00a0</strong></p>\r\n<p>As altas temperaturas e a umidade, t\u00edpicos do clima tropical, formam o ambiente perfeito para a prolifera\u00e7\u00e3o do mosquito. O v\u00edrus da dengue \u00e9 contra\u00eddo quando uma pessoa \u00e9 picada pelo mosquito f\u00eamea do Aedes aegypti infectado.</p>\r\n<p><span>A melhor medida que podemos tomar \u00e9 a preven\u00e7\u00e3o. O mosquito se prolifera facilmente em locais de \u00e1gua parada, portanto devemos estar atentos e eliminar esses focos em nossas resid\u00eancias.</span></p>\r\n<p><span>Os principais sintomas da dengue s\u00e3o: febre alta &gt; 38.5\u00baC, dores musculares intensas, dor ao movimentar os olhos, mal estar, falta de apetite, dor de cabe\u00e7a e manchas vermelhas no corpo. No entanto, a infec\u00e7\u00e3o por dengue pode ser assintom\u00e1tica (sem sintomas), leve ou grave. Neste \u00faltimo caso pode levar at\u00e9 a morte. Ao apresentar os sintomas, \u00e9 importante procurar um servi\u00e7o de sa\u00fade para diagn\u00f3stico e tratamento adequados</span></p>\r\n<p><strong>Vacina contra a dengue pelo SUS</strong></p>\r\n<p>No final do ano passado, o Minist\u00e9rio da Sa\u00fade incorporou a vacina contra dengue ao Sistema \u00danico de Sa\u00fade (SUS), mas devemos continuar atentos \u00e0 prolifera\u00e7\u00e3o do mosquito, j\u00e1 que a vacina est\u00e1 sendo oferecida apenas a um grupo pequeno de pessoas - crian\u00e7as e adolescentes de 6 a 16 anos, conforme recomenda\u00e7\u00f5es da Organiza\u00e7\u00e3o Mundial da Sa\u00fade (OMS).</p>\r\n<p><span>Cuide de voc\u00ea e de quem voc\u00ea ama, compartilhe a informa\u00e7\u00e3o!</span></p>", "author_name": "", "version": "1.0", "author_url": "https://www.fazendariogrande.pr.leg.br/author/frg", "provider_name": "C\u00e2mara Municipal ", "type": "rich"}