{"provider_url": "https://www.fazendariogrande.pr.leg.br", "title": "JULHO AMARELO EM FAZENDA RIO GRANDE", "html": "<p dir=\"ltr\" style=\"text-align: justify; \"><span>O m\u00eas de julho traz uma data importante: o Julho Amarelo, que destaca a import\u00e2ncia da preven\u00e7\u00e3o e controle das hepatites virais.</span></p>\r\n<p dir=\"ltr\" style=\"text-align: justify; \"><span>As hepatites virais s\u00e3o infec\u00e7\u00f5es que atingem o f\u00edgado, causando altera\u00e7\u00f5es leves, moderadas ou graves. Na maioria das vezes, s\u00e3o infec\u00e7\u00f5es silenciosas, ou seja, n\u00e3o apresentam sintomas. Elas s\u00e3o causadas por v\u00edrus e algumas hepatites se d\u00e3o pelo uso de medicamentos, \u00e1lcool e outras drogas, assim como por doen\u00e7as autoimunes, metab\u00f3licas ou gen\u00e9ticas.</span></p>\r\n<p dir=\"ltr\" style=\"text-align: justify; \"><span>Portanto, procure o posto de sa\u00fade e fa\u00e7a o teste, pois \u00e9 r\u00e1pido e gratuito.</span></p>\r\n<p dir=\"ltr\" style=\"text-align: justify; \"><span><br /></span></p>\r\n<p dir=\"ltr\" style=\"text-align: justify; \"><strong>TIPOS DE HEPATITES</strong></p>\r\n<p dir=\"ltr\" style=\"text-align: justify; \"><strong><br /></strong></p>\r\n<p dir=\"ltr\" style=\"text-align: justify; \"><strong>Hepatite A</strong></p>\r\n<p dir=\"ltr\" style=\"text-align: justify; \"><strong>Transmiss\u00e3o:</strong><span> fecal-oral, pela ingest\u00e3o de alimentos ou \u00e1gua contaminadas, baixos n\u00edveis de saneamento b\u00e1sico e de higiene pessoal, contato pessoal pr\u00f3ximo e contato sexual com pessoas com hepatite A.</span></p>\r\n<p dir=\"ltr\" style=\"text-align: justify; \"><span>Os sintomas iniciais s\u00e3o fadiga, mal-estar, febre, dores musculares, enjoo, v\u00f4mitos, dor abdominal, constipa\u00e7\u00e3o ou diarreia, urina escura, fezes claras e pele e olhos amarelados.</span></p>\r\n<p dir=\"ltr\" style=\"text-align: justify; \"><span>Existe vacina para combater a hepatite A e ela faz parte do calend\u00e1rio infantil no Sistema \u00danico de Sa\u00fade (SUS), com esquema de uma dose aos 15 meses de idade, podendo ser utilizada a partir dos 12 meses at\u00e9 5 anos incompletos.</span></p>\r\n<p dir=\"ltr\" style=\"text-align: justify; \"><span><br /></span></p>\r\n<p dir=\"ltr\" style=\"text-align: justify; \"><strong>Hepatite B</strong></p>\r\n<p dir=\"ltr\" style=\"text-align: justify; \"><strong>Transmiss\u00e3o:</strong><span> sexo sem prote\u00e7\u00e3o, compartilhamento de objetos de uso pessoal como l\u00e2minas de barbear e de depilar, escovas de dentes, material de manicure e pedicure, equipamentos para uso de drogas (cachimbos, canudos, seringas) sem a devida esteriliza\u00e7\u00e3o, na confec\u00e7\u00e3o de tatuagem e na coloca\u00e7\u00e3o de piercings com materiais n\u00e3o esterilizados ou descart\u00e1veis. Ela tamb\u00e9m pode ser transmitida de forma vertical, ou seja, durante a gesta\u00e7\u00e3o ou parto da m\u00e3e para o beb\u00ea.</span></p>\r\n<p dir=\"ltr\" style=\"text-align: justify; \"><span>Na maioria dos casos, a hepatite B n\u00e3o apresenta sintomas. A principal forma de preven\u00e7\u00e3o da infec\u00e7\u00e3o pelo v\u00edrus da hepatite B \u00e9 a vacina, que \u00e9 administrada em tr\u00eas doses (0, 1 e 6 meses), e est\u00e1 dispon\u00edvel no SUS para beb\u00eas e todas as pessoas, independentemente da idade.</span></p>\r\n<p dir=\"ltr\" style=\"text-align: justify; \"><span><br /></span></p>\r\n<p dir=\"ltr\" style=\"text-align: justify; \"><strong>Hepatite C</strong></p>\r\n<p dir=\"ltr\" style=\"text-align: justify; \"><strong>Transmiss\u00e3o:</strong><span> contato com sangue contaminado por meio do compartilhamento de agulhas, seringas e outros objetos perfurocortantes sem a devida esteriliza\u00e7\u00e3o (materiais de manicure, para confec\u00e7\u00e3o de tatuagem, para coloca\u00e7\u00e3o de piercings, equipamentos odontol\u00f3gicos e objetos para uso de drogas, como cachimbos, canudos, seringas). Tamb\u00e9m por meio de rela\u00e7\u00f5es sexuais sem o uso de preservativos ou pela transmiss\u00e3o vertical (esses dois casos menos comum).</span></p>\r\n<p dir=\"ltr\" style=\"text-align: justify; \"><span>Assim como a hepatite B, a hepatite C tamb\u00e9m, na maioria dos casos, n\u00e3o apresenta sintomas.</span></p>\r\n<p dir=\"ltr\" style=\"text-align: justify; \"><span>Procure uma unidade de sa\u00fade e fa\u00e7a o teste da hepatite C. A doen\u00e7a tem cura e o tratamento pode ser feito gratuitamente pelo SUS.</span></p>\r\n<p dir=\"ltr\" style=\"text-align: justify; \"><span><br /></span></p>\r\n<p dir=\"ltr\" style=\"text-align: justify; \"><strong>Hepatite D</strong></p>\r\n<p dir=\"ltr\" style=\"text-align: justify; \"><strong>Transmiss\u00e3o:</strong><span> sexo sem prote\u00e7\u00e3o, compartilhamento de objetos de uso pessoal como l\u00e2minas de barbear e de depilar, escovas de dentes, materiais de manicure e pedicure, equipamentos para uso de drogas (cachimbos, canudos, seringas), na confec\u00e7\u00e3o de tatuagem e na coloca\u00e7\u00e3o de piercings sem a devida esteriliza\u00e7\u00e3o.</span></p>\r\n<p dir=\"ltr\" style=\"text-align: justify; \"><span>Na maioria dos casos, a hepatite D tamb\u00e9m n\u00e3o apresenta sintomas. Quando presentes, os mais frequentes s\u00e3o cansa\u00e7o, tontura, enjoo e/ou v\u00f4mitos, febre, dor abdominal, pele e olhos amarelados, urina escura, fezes claras.</span></p>\r\n<p dir=\"ltr\" style=\"text-align: justify; \"><span>A melhor forma de prevenir a hepatite D \u00e9 tomar a vacina contra a hepatite B, visto que esse v\u00edrus depende da estrutura do v\u00edrus B para se replicar.</span></p>\r\n<p dir=\"ltr\" style=\"text-align: justify; \">\u00a0</p>\r\n<p dir=\"ltr\" style=\"text-align: justify; \"><strong><span id=\"docs-internal-guid-8168ee10-7fff-6717-2e0d-436d94b08014\">Mat\u00e9ria: Diego Fernando Laska (Ascom/CMFRG), com informa\u00e7\u00f5es do Minist\u00e9rio da Sa\u00fade e\u00a0 ARTE: Derick Lara (Ascom/CMFRG)</span></strong></p>\r\n<div><span><br /></span></div>", "author_name": "", "version": "1.0", "author_url": "https://www.fazendariogrande.pr.leg.br/author/frg", "provider_name": "C\u00e2mara Municipal ", "type": "rich"}