{"provider_url": "https://www.fazendariogrande.pr.leg.br", "title": "Nota Informativa - Coletiva de Imprensa", "html": "<p style=\"text-align: justify; \">Nota Informativa</p>\r\n<p style=\"text-align: justify; \">A C\u00e2mara Municipal de Fazenda Rio Grande vem, atrav\u00e9s de seu Presidente, Vereador Alexandre Tramontina Gravena, tornar p\u00fablico que realizar\u00e1 uma coletiva de imprensa, hoje \u00e0s 17:00 horas no Plen\u00e1rio da C\u00e2mara Municipal.</p>\r\n<p style=\"text-align: justify; \">A mesma contar\u00e1 tamb\u00e9m com a participa\u00e7\u00e3o do Vice-Presidente, Vereador Sandro do Prote\u00e7\u00e3o a da Procurada Geral, Dra. Daisy da Silva dos Santos.</p>\r\n<p style=\"text-align: justify; \">A iniciativa visa esclarecer d\u00favidas a todos os interessados sobre a continuidade dos trabalhos da 31\u00aa Sess\u00e3o Extraordin\u00e1ria de 2021, a qual tem por Pauta a Delibera\u00e7\u00e3o do Relat\u00f3rio Final da Comiss\u00e3o Parlamentar de Inqu\u00e9rito 02/2021.</p>", "author_name": "", "version": "1.0", "author_url": "https://www.fazendariogrande.pr.leg.br/author/frg", "provider_name": "C\u00e2mara Municipal ", "type": "rich"}