{"provider_url": "https://www.fazendariogrande.pr.leg.br", "title": "Nota Informativa - Concurso P\u00fablico", "html": "<p style=\"text-align: justify; \">A C\u00e2mara Municipal de Fazenda Rio Grande lan\u00e7ar\u00e1 Concurso P\u00fablico para o provimento de cargos efetivos no ano de 2021, com \u00e0 amplia\u00e7\u00e3o de sua sede quase findada o n\u00famero de cargos efetivos dever\u00e1 aumentar significativamente.</p>\r\n<p style=\"text-align: justify; \"><span>A Comiss\u00e3o para acompanhamento do Concurso P\u00fablica j\u00e1 est\u00e1 nomeada e as vagas do certame ser\u00e3o para os n\u00edveis Fundamental, M\u00e9dio, M\u00e9dio/T\u00e9cnico e Superior.</span></p>\r\n<p><b>Rela\u00e7\u00e3o de Cargos de N\u00edvel Superior</b></p>\r\n<table>\r\n<tbody>\r\n<tr>\r\n<td>\r\n<p align=\"center\"><b>Cargo</b></p>\r\n</td>\r\n</tr>\r\n<tr>\r\n<td>\r\n<p>AGENTE DE TECNOLOGIA E INFORMA\u00c7\u00c3O</p>\r\n</td>\r\n</tr>\r\n<tr>\r\n<td>\r\n<p>JORNALISTA</p>\r\n</td>\r\n</tr>\r\n<tr>\r\n<td>\r\n<p>ADVOGADO</p>\r\n</td>\r\n</tr>\r\n<tr>\r\n<td>\r\n<p>CONTADOR</p>\r\n</td>\r\n</tr>\r\n</tbody>\r\n</table>\r\n<p><b><br />Rela\u00e7\u00e3o de Cargos de N\u00edvel M\u00e9dio/T\u00e9cnico</b></p>\r\n<table>\r\n<tbody>\r\n<tr>\r\n<td>\r\n<p align=\"center\"><b>Cargo</b></p>\r\n</td>\r\n</tr>\r\n<tr>\r\n<td>\r\n<p>OPERADOR T\u00c9CNICO EM PRODU\u00c7\u00c3O DE \u00c1UDIO E V\u00cdDEO</p>\r\n</td>\r\n</tr>\r\n<tr>\r\n<td>\r\n<p>T\u00c9CNICO CONT\u00c1BIL</p>\r\n</td>\r\n</tr>\r\n<tr>\r\n<td>\r\n<p>ASSISTENTE LEGISLATIVO</p>\r\n</td>\r\n</tr>\r\n<tr>\r\n<td>\r\n<p>AGENTE ADMINISTRATIVO</p>\r\n</td>\r\n</tr>\r\n<tr>\r\n<td>\r\n<p>RECEPCIONISTA</p>\r\n</td>\r\n</tr>\r\n</tbody>\r\n</table>\r\n<p><b><br />Rela\u00e7\u00e3o de Cargos de N\u00edvel Fundamental</b></p>\r\n<table>\r\n<tbody>\r\n<tr>\r\n<td>\r\n<p align=\"center\"><b>Cargo</b></p>\r\n</td>\r\n</tr>\r\n<tr>\r\n<td>\r\n<p>AGENTE DE SEGURAN\u00c7A DO LEGISLATIVO</p>\r\n</td>\r\n</tr>\r\n<tr>\r\n<td>\r\n<p>AGENTE DE SERVI\u00c7OS</p>\r\n</td>\r\n</tr>\r\n<tr>\r\n<td>\r\n<p>MOTORISTA</p>\r\n</td>\r\n</tr>\r\n</tbody>\r\n</table>\r\n<p style=\"text-align: justify; \"><strong>OBS* Os cargos poder\u00e3o ser alterados conforme a necessidade da C\u00e2mara Municipal de Fazenda Rio Grande.</strong></p>\r\n<p>\u00a0<img src=\"https://www.fazendariogrande.pr.leg.br/comunicacao/noticias-1/WhatsAppImage20210430at14.46.11.jpeg/@@images/4a73d124-ecb0-4e6c-a84b-565735e95b5e.jpeg\" alt=\"\" class=\"image-inline\" title=\"\" /><em style=\"text-align: justify; \">\u00a0 \u00a0 \u00a0 \u00a0 \u00a0 \u00a0 \u00a0 \u00a0 \u00a0 \u00a0 \u00a0 \u00a0 \u00a0 1\u00aa Vice-Presidente Vereador Sandro do Prote\u00e7\u00e3o firma contrato com a empresa ABCON na Sexta-feira 30/04.</em></p>\r\n<p style=\"text-align: justify; \">Em conversa com a Comiss\u00e3o de Acompanhamento do Concurso, o 1\u00ba Vice-Presidente solicitou para que seja realizado um grande trabalho de publicidade dos diretos dos cidad\u00e3os.</p>\r\n<p style=\"text-align: justify; \">\"Existem v\u00e1rias leis que garantem a isen\u00e7\u00e3o do pagamento da inscri\u00e7\u00e3o em concursos p\u00fablicos, inclusive municipais, e com a crise que vive o pa\u00eds, \u00e9 muito importante que possamos garantir isso a todos que t\u00eam direito\".</p>", "author_name": "", "version": "1.0", "author_url": "https://www.fazendariogrande.pr.leg.br/author/frg", "provider_name": "C\u00e2mara Municipal ", "type": "rich"}