{"provider_url": "https://www.fazendariogrande.pr.leg.br", "title": "PEDIDO DE INFORMA\u00c7\u00c3O N\u00b0 01/2021", "html": "<p>Considerando a compet\u00eancia fiscalizat\u00f3ria, os vereadores Alexandre Tramontina Gravena,\u00a0<span>Jose Carlos Bernardes,\u00a0</span><span>Luiz Sergio Claudino,\u00a0</span><span>Alesandro Bordignon Weiss e\u00a0</span><span>Fabiano de Queiroz Sobral</span><span>,</span><span>\u00a0por meio do Pedido de Informa\u00e7\u00e3o n\u00ba 01/2021, solicitou ao Poder Executivo informa\u00e7\u00f5es referente aos servidores nomeados nos cargos de comiss\u00e3o, especificamente nas fun\u00e7\u00f5es de DIRETOR GERAL-DG, DIRETOR DE \u00c1REA-DA, ASSESSOR E COORDENADOR I,\u00a0</span><span>ASSESSOR E COORDENADOR II,\u00a0ASSESSOR E COORDENADOR III,\u00a0ASSESSOR E COORDENADOR IV e\u00a0ASSESSOR E COORDENADOR V e q</span><span>uais foram os crit\u00e9rios utilizados pelo Poder Executivo para o ato de nomea\u00e7\u00e3o, a</span><span>ssim como, qual a raz\u00e3o do n\u00famero de nomea\u00e7\u00f5es ter excedido</span><span>\u00a0o compromisso assumido no Plano de Governo da atual gest\u00e3o.</span></p>\r\n<p><span>Ademais,\u00a0 a aus\u00eancia de informa\u00e7\u00f5es ensejar\u00e1 poss\u00edvel convoca\u00e7\u00e3o do Prefeito Municipal, a esta Casa de Leis.</span></p>\r\n<p><span><span><a title=\"\" href=\"https://www.fazendariogrande.pr.leg.br/comunicacao/noticias-1/doc00849120210122143659.pdf\" class=\"internal-link\" target=\"_self\">Pedido de Informa\u00e7\u00e3o n\u00ba 01/2021</a></span></span></p>", "author_name": "", "version": "1.0", "author_url": "https://www.fazendariogrande.pr.leg.br/author/frg", "provider_name": "C\u00e2mara Municipal ", "type": "rich"}