{"provider_url": "https://www.fazendariogrande.pr.leg.br", "title": "Mo\u00e7\u00f5es", "html": "<title>HTML Editor - Full Version</title>\r\n<p class=\" \"><span style=\"text-align: justify; \">Segundo o </span><strong style=\"text-align: justify; \"><em>Regimento Interno da C\u00e2mara Municipal de Fazenda Rio Grande</em></strong><span style=\"text-align: justify; \"> , o movimento \u00e9 a \u201cproposi\u00e7\u00e3o em que \u00e9 sugerida a manifesta\u00e7\u00e3o da C\u00e2mara sobre determinado assunto, reivindicando provid\u00eancias, hipotecando solidariedade, protestando ou repudiando\u201d.</span></p>\r\n<h3 dir=\"ltr\"><span><span><strong>Aqui na C\u00e2mara, os movimentos mais comuns s\u00e3o de aplauso, apoio e pesar.</strong></span></span></h3>\r\n<p><span><span><strong><br /></strong></span></span></p>\r\n<hr />\r\n<table class=\"plain\">\r\n<tbody>\r\n<tr><th>\r\n<h2 dir=\"ltr\"><span><span><span><span id=\"docs-internal-guid-314bb090-7fff-5a4c-a5b3-53c4a0296786\"><span>Movimento de aplauso</span></span></span></span></span></h2>\r\n<p class=\" \" dir=\"ltr\"><strong><span id=\"docs-internal-guid-314bb090-7fff-5a4c-a5b3-53c4a0296786\">Servir para o reconhecimento e homenagem a pessoas ou institui\u00e7\u00f5es</span></strong></p>\r\n<p class=\" \" dir=\"ltr\"><strong><span id=\"docs-internal-guid-314bb090-7fff-5a4c-a5b3-53c4a0296786\">que tenham valor, profissional ou voluntariamente, para o desenvolvimento econ\u00f4mico\u00a0</span></strong><span><strong>social e/ou cultural do munic\u00edpio.\u00a0 \u00a0 \u00a0 \u00a0 \u00a0 \u00a0 \u00a0 \u00a0 \u00a0 \u00a0 \u00a0 \u00a0 \u00a0 \u00a0 \u00a0 \u00a0 \u00a0 \u00a0 \u00a0 \u00a0 \u00a0 \u00a0 \u00a0 \u00a0 \u00a0 \u00a0 \u00a0 \u00a0 \u00a0 \u00a0 \u00a0 \u00a0 \u00a0 \u00a0 \u00a0 \u00a0 \u00a0 \u00a0 \u00a0</strong> \u00a0 \u00a0 \u00a0 \u00a0 \u00a0 \u00a0 \u00a0 \u00a0 \u00a0 \u00a0 \u00a0 \u00a0 \u00a0 \u00a0 \u00a0 \u00a0 \u00a0 \u00a0 \u00a0 \u00a0 \u00a0 \u00a0 \u00a0 \u00a0 \u00a0 \u00a0</span></p>\r\n</th><th>\r\n<h2 dir=\"ltr\"><span><span><span><span id=\"docs-internal-guid-314bb090-7fff-5a4c-a5b3-53c4a0296786\"><span>Movimento de apoio</span></span></span></span></span></h2>\r\n<p dir=\"ltr\"><span><span><span id=\"docs-internal-guid-314bb090-7fff-5a4c-a5b3-53c4a0296786\"><span>Servir para demonstrar solidariedade, concord\u00e2ncia ou aprova\u00e7\u00e3o em rela\u00e7\u00e3o a um tema espec\u00edfico e tem o objetivo de transmitir uma mensagem de apoio e encorajar outros a se engajarem na mesma causa.</span></span></span></span></p>\r\n</th><th>\r\n<h2 dir=\"ltr\"><span><span><span><span id=\"docs-internal-guid-314bb090-7fff-5a4c-a5b3-53c4a0296786\"><span>Movimento de pesar</span></span></span></span></span></h2>\r\n<p dir=\"ltr\"><span><span><span id=\"docs-internal-guid-314bb090-7fff-5a4c-a5b3-53c4a0296786\"><span>Servir para expressar tristeza, lamento e condol\u00eancias em rela\u00e7\u00e3o \u00e0 morte de uma pessoa espec\u00edfica. \u00c9 uma maneira de prestar homenagem e reconhecimento p\u00fablico \u00e0 pessoa falecida, bem como expressar solidariedade aos familiares e entes queridos.</span></span></span></span></p>\r\n</th></tr>\r\n</tbody>\r\n</table>", "author_name": "", "version": "1.0", "author_url": "https://www.fazendariogrande.pr.leg.br/author/frg", "provider_name": "C\u00e2mara Municipal ", "type": "rich"}