{"provider_url": "https://www.fazendariogrande.pr.leg.br", "title": "Sess\u00f5es solenes", "html": "<h2 style=\"text-align: justify; \"><span>\u00daltimas Sess\u00f5es solenes</span></h2>\r\n<h3 style=\"text-align: justify; \"><span>As sess\u00f5es solenes s\u00e3o convocadas para a entrega de honrarias e tamb\u00e9m podem ser realizadas para dar posse ao prefeito e ao vice-prefeito do Munic\u00edpio, instalar legislaturas e comemorar fatos hist\u00f3ricos.</span></h3>\r\n<p class=\" \" dir=\"ltr\" style=\"text-align: justify; \"><span><br /></span></p>\r\n<p class=\" \" dir=\"ltr\" style=\"text-align: justify; \"><strong>Sess\u00f5es Solenes de 2026 do 1\u00b0 Per\u00edodo da 9\u00aa Legislatura 01/01/2025:</strong></p>\r\n<p class=\" \" dir=\"ltr\" style=\"text-align: justify; \">\u00a0</p>\r\n<p class=\" \" dir=\"ltr\" style=\"text-align: justify; \"><span><strong>Sess\u00f5es Solenes de 2025 do 1\u00ba Per\u00edodo da 9\u00aa Legislatura 01/01/2025:</strong></span></p>\r\n<ul>\r\n<li style=\"text-align: left; \"><span><span><span><strong>8\u00aa Sess\u00e3o Solene de 2025\u00a0</strong>- Mo\u00e7\u00f5es de aplausos \u00e0 atletas do handebol e \u00e0 medalhista mundial Nicolly Candeu Ribas:\u00a0<span><strong><a class=\"external-link\" href=\"https://www.youtube.com/watch?v=lRJ6Gd66tq0&amp;amp;t=6s\" target=\"_self\" title=\"\">https://www.youtube.com/watch?v=lRJ6Gd66tq0&amp;t=6s</a></strong></span></span></span></span></li>\r\n<li style=\"text-align: left; \"><span><span><span><strong>7\u00aa Sess\u00e3o Solene de 2025\u00a0</strong>- Entrega de T\u00edtulo de Cidad\u00e3o Honor\u00e1rio para Jo\u00e3o Ronaldo Pelanda e Onildo C\u00f3rdova:\u00a0<strong><a class=\"external-link\" href=\"https://www.youtube.com/watch?v=NxWnt75aJO8&amp;amp;t=2s\" target=\"_self\" title=\"\">https://www.youtube.com/watch?v=NxWnt75aJO8&amp;t=2s</a></strong></span></span></span></li>\r\n<li style=\"text-align: left; \"><span><span><span><strong>6\u00aa Sess\u00e3o Solene</strong>\u00a0<strong>de 2025\u00a0</strong>- Entrega de T\u00edtulo de Cidad\u00e3 Benem\u00e9rita para Anete Maria Benatto Barbosa:\u00a0<strong><a class=\"external-link\" href=\"https://www.youtube.com/live/bLurYIODPvw?si=5x6-nEwT7RjTpSNu\" target=\"_self\" title=\"\">https://www.youtube.com/live/bLurYIODPvw?si=5x6-nEwT7RjTpSNu</a></strong></span></span></span></li>\r\n<li style=\"text-align: left; \"><span><span><span><strong>5\u00aa Sess\u00e3o Solene de 2025\u00a0</strong> -\u00a05\u00aa\u00a0 Pr\u00eamio Aldir Jos\u00e9 Stempinhaki\u00a0 - Guarda Municipal Jorge Aparecido Crispim:\u00a0<strong><a class=\"external-link\" href=\"https://www.youtube.com/watch?v=-hNYw_IZAZ0&amp;amp;t=1s\" target=\"_self\" title=\"\">https://www.youtube.com/watch?v=-hNYw_IZAZ0&amp;t=1s</a></strong><br /></span></span></span></li>\r\n<li style=\"text-align: left; \"><strong>4\u00aa Sess\u00e3o Solene de 2025\u00a0</strong>-\u00a0Entrega de Men\u00e7\u00e3o Honrosa ao pastor Claudionir Diaczuk:\u00a0<strong><a class=\"external-link\" href=\"https://www.youtube.com/watch?v=omoLHM1S0MM&amp;amp;t=1271s\" target=\"_self\" title=\"\">https://www.youtube.com/watch?v=omoLHM1S0MM&amp;t=1271s</a></strong></li>\r\n<li style=\"text-align: left; \"><strong>3\u00aa Sess\u00e3o Solene de 2025\u00a0</strong>- Entrega de T\u00edtulo de Cidad\u00e3o Honor\u00e1rio para Alisson Wandscheer:\u00a0<strong><a class=\"external-link\" href=\"https://www.youtube.com/live/oe801M7o7MA?si=c8_KtYXIBWaeeEMH\" target=\"_self\" title=\"\">https://www.youtube.com/live/oe801M7o7MA?si=c8_KtYXIBWaeeEMH</a></strong></li>\r\n<li style=\"text-align: left; \"><span><span><span><strong>2\u00aa Sess\u00e3o Solene de 2025\u00a0</strong>- Entrega de T\u00edtulo de Cidad\u00e3o Honor\u00e1rio para Deputado Federal Toninho Wandscheer:\u00a0<strong><a class=\"external-link\" href=\"https://www.youtube.com/live/T3REQGGPoiY?si=bnAZM3ikROlX4uZW\" target=\"_self\" title=\"\">https://www.youtube.com/live/T3REQGGPoiY?si=bnAZM3ikROlX4uZW</a></strong></span></span></span></li>\r\n</ul>", "author_name": "", "version": "1.0", "author_url": "https://www.fazendariogrande.pr.leg.br/author/frg", "provider_name": "C\u00e2mara Municipal ", "type": "rich"}